{"id":2902,"date":"2005-08-07T00:49:27","date_gmt":"2005-08-06T22:49:27","guid":{"rendered":"http:\/\/bezjacka.art.pl\/strona\/?p=2902"},"modified":"2013-08-08T01:12:46","modified_gmt":"2013-08-07T23:12:46","slug":"saskia","status":"publish","type":"post","link":"http:\/\/bezjacka.art.pl\/strona\/saskia\/","title":{"rendered":"Saskia"},"content":{"rendered":"<h5>s\u0142. K.I. Ga\u0142czy\u0144ski  muz. J.H .Chrz\u0105stek, Z .Stefa\u0144ski.<\/h5>\n<p><a href=\"http:\/\/bezjacka.art.pl\/strona\/wp-content\/uploads\/2005\/08\/bj-0016.jpg\"><img data-attachment-id=\"3126\" data-permalink=\"http:\/\/bezjacka.art.pl\/strona\/saskia\/bj-0016\/\" data-orig-file=\"http:\/\/bezjacka.art.pl\/strona\/wp-content\/uploads\/2005\/08\/bj-0016.jpg\" data-orig-size=\"400,238\" data-comments-opened=\"1\" data-image-meta=\"{&quot;aperture&quot;:&quot;0&quot;,&quot;credit&quot;:&quot;&quot;,&quot;camera&quot;:&quot;&quot;,&quot;caption&quot;:&quot;&quot;,&quot;created_timestamp&quot;:&quot;0&quot;,&quot;copyright&quot;:&quot;&quot;,&quot;focal_length&quot;:&quot;0&quot;,&quot;iso&quot;:&quot;0&quot;,&quot;shutter_speed&quot;:&quot;0&quot;,&quot;title&quot;:&quot;&quot;}\" data-image-title=\"bj-0016\" data-image-description=\"\" data-image-caption=\"\" data-medium-file=\"http:\/\/bezjacka.art.pl\/strona\/wp-content\/uploads\/2005\/08\/bj-0016-250x148.jpg\" data-large-file=\"http:\/\/bezjacka.art.pl\/strona\/wp-content\/uploads\/2005\/08\/bj-0016.jpg\" loading=\"lazy\" width=\"400\" height=\"238\" src=\"http:\/\/bezjacka.art.pl\/strona\/wp-content\/uploads\/2005\/08\/bj-0016.jpg\" alt=\"bj-0016\" class=\"aligncenter size-full wp-image-3126\" srcset=\"http:\/\/bezjacka.art.pl\/strona\/wp-content\/uploads\/2005\/08\/bj-0016.jpg 400w, http:\/\/bezjacka.art.pl\/strona\/wp-content\/uploads\/2005\/08\/bj-0016-250x148.jpg 250w, http:\/\/bezjacka.art.pl\/strona\/wp-content\/uploads\/2005\/08\/bj-0016-125x74.jpg 125w, http:\/\/bezjacka.art.pl\/strona\/wp-content\/uploads\/2005\/08\/bj-0016-220x130.jpg 220w\" sizes=\"(max-width: 400px) 100vw, 400px\" \/><\/a><br \/>\n[Audio:saskia.mp3]\n<div><b>e a e a C G D e a e a C G D<\/b><\/p>\n<p>Ojczyzn\u0105 moj\u0105 jest muzyka,\u00a0\u00a0<b>e a<\/b><br \/>\na Ty jeste\u015b jak nuta rzewna z kt\u00f3r\u0105 na ustach,\u00a0\u00a0<b>e a C<\/b><br \/>\npo latach wraca si\u0119 w muzyk\u0119 jak do domu \u00a0\u00a0<b>D e<\/b><br \/>\ni tylko nie trw\u00f3\u017c si\u0119 Saskia, bo mo\u017cesz mi by\u0107\u00a0\u00a0<b>e a e<\/b><br \/>\ntak bardzo potrzebna, \u017ce chyba tylko \u015bmierci, \u00a0\u00a0<b>e a C<\/b><br \/>\nale ju\u017c Ci\u0119 nie oddam nikomu. \u00a0\u00a0<b>D e<\/b><\/p>\n<p>Je\u017celi wszystkie niebiosa i wszystkie w nich Serafiny \u00a0\u00a0<b>e C D e<\/b><br \/>\nkrzykiem t\u0119sknoty wyb\u0142agam, by si\u0119 spe\u0142ni\u0142a twa chwa\u0142a, \u00a0\u00a0<b>e C D e<\/b><br \/>\nje\u017celi powiem Ci wi\u0119cej, \u017ce jeste\u015b ponad rubiny, \u00a0\u00a0<b>e C D e<\/b><br \/>\no jedno prosz\u0119 ci\u0119 Saskia, nie b\u0105d\u017a zarozumia\u0142a. \u00a0\u00a0<b>e C D e<\/b><\/p>\n<p>Saskia cokolwiek si\u0119 stanie,<br \/>\nz\u0142ot\u0105 chmur\u0105 zostaniesz w legendzie,<br \/>\nbo wypisane jest ogniem na \u015bcianie,<br \/>\n\u017ce ci\u0119 nikt tak jak ja kocha\u0142 nie b\u0119dzie.<br \/>\nSi\u0119gnij po nie\u015bmiertelno\u015b\u0107 Saskia,<br \/>\ntak jak si\u0119 si\u0119ga po jab\u0142ko rumiane ogromne.<br \/>\nJab\u0142ko szmaragd przemin\u0105, jak komar brz\u0119czy gitara,<br \/>\nlecz ja to w ksi\u0105\u017ck\u0119 zamkn\u0119.<br \/>\nSaskia, u\u015bmiechnij si\u0119 do mnie.<\/p><\/div>\n","protected":false},"excerpt":{"rendered":"<div class=\"entry-summary\">\ns\u0142. K.I. Ga\u0142czy\u0144ski muz. J.H .Chrz\u0105stek, Z .Stefa\u0144ski.  e a e&hellip;\n<\/div>\n<div class=\"link-more\"><a href=\"http:\/\/bezjacka.art.pl\/strona\/saskia\/\" class=\"more-link\">Czytaj dalej<span class=\"screen-reader-text\"> &ldquo;Saskia&rdquo;<\/span>&hellip;<\/a><\/div>\n","protected":false},"author":1,"featured_media":0,"comment_status":"open","ping_status":"open","sticky":false,"template":"","format":"standard","meta":{"spay_email":""},"categories":[67],"tags":[],"jetpack_featured_media_url":"","jetpack_shortlink":"https:\/\/wp.me\/s4OIY8-saskia","jetpack-related-posts":[{"id":1268,"url":"http:\/\/bezjacka.art.pl\/strona\/wiersze-wybrane-janka-stefanskiego\/","url_meta":{"origin":2902,"position":0},"title":"Wiersze wybrane Janka Stefa\u0144skiego","date":"1 lutego 2005","format":false,"excerpt":"*\u00a0\u00a0\u00a0\u00a0\u00a0 * \u00a0\u00a0\u00a0\u00a0\u00a0* Kogo\u015b ochrania sk\u00f3ra, kogo\u015b jutro mi\u0142e, jednych chroni kultura, drugich dobry posi\u0142ek. Ciebie ratuje pomada Jego ratuje robota. Mnie nie ratujcie, nie trzeba, jako\u015b nie mam ochoty. *\u00a0\u00a0\u00a0\u00a0\u00a0 * \u00a0\u00a0\u00a0\u00a0\u00a0* Zn\u00f3w wiersz chce pisa\u0107 ogrza\u0107 Ci\u0119 chc\u0119 chc\u0119 Ci\u0119 zatrzyma\u0107 ju\u017c maj, kwiat si\u0119 ju\u017c budzi i\u2026","rel":"","context":"In &quot;Jasiu&quot;","img":{"alt_text":"","src":"","width":0,"height":0},"classes":[]},{"id":3778,"url":"http:\/\/bezjacka.art.pl\/strona\/dwaj-skazancy\/","url_meta":{"origin":2902,"position":1},"title":"Dwaj skaza\u0144cy","date":"13 sierpnia 2015","format":false,"excerpt":"s\u0142 B. Le\u015bmian, muz. Z. Stefa\u0144ski e\u00a0\u00a0\u00a0\u00a0\u00a0\u00a0\u00a0\u00a0\u00a0\u00a0\u00a0\u00a0\u00a0\u00a0\u00a0\u00a0\u00a0\u00a0\u00a0\u00a0\u00a0\u00a0\u00a0\u00a0\u00a0\u00a0\u00a0\u00a0\u00a0\u00a0\u00a0\u00a0\u00a0\u00a0\u00a0\u00a0\u00a0\u00a0 D\u00a0\u00a0\u00a0\u00a0\u00a0\u00a0\u00a0\u00a0\u00a0\u00a0\u00a0\u00a0\u00a0\u00a0\u00a0\u00a0\u00a0\u00a0\u00a0\u00a0\u00a0\u00a0\u00a0\u00a0\u00a0\u00a0\u00a0\u00a0 C\u00a0\u00a0\u00a0\u00a0\u00a0\u00a0\u00a0\u00a0\u00a0\u00a0\u00a0\u00a0 a\u00a0\u00a0 G Widzia\u0142em dw\u00f3ch skaza\u0144c\u00f3w , co na swym uboczu, C \u00a0\u00a0\u00a0\u00a0\u00a0\u00a0\u00a0\u00a0\u00a0\u00a0\u00a0\u00a0\u00a0\u00a0\u00a0\u00a0\u00a0\u00a0\u00a0\u00a0\u00a0\u00a0\u00a0\u00a0\u00a0G\u00a0\u00a0\u00a0\u00a0\u00a0\u00a0\u00a0\u00a0\u00a0\u00a0\u00a0\u00a0\u00a0\u00a0\u00a0\u00a0\u00a0\u00a0 a\u00a0\u00a0\u00a0\u00a0\u00a0\u00a0\u00a0\u00a0\u00a0\u00a0\u00a0\u00a0 h Wys\u0142uchali wyroku pod bagnet\u00f3w stra\u017c\u0105 \u00a0\u00a0\u00a0\u00a0\u00a0\u00a0\u00a0\u00a0 C\u00a0\u00a0\u00a0\u00a0\u00a0\u00a0 D\u00a0\u00a0\u00a0\u00a0\u00a0\u00a0\u00a0\u00a0\u00a0\u00a0\u00a0\u00a0\u00a0\u00a0\u00a0\u00a0\u00a0\u00a0\u00a0\u00a0\u00a0\u00a0\u00a0\u00a0 e\u00a0\u00a0\u00a0\u00a0\u00a0\u00a0\u00a0\u00a0\u00a0\u00a0\u00a0\u00a0\u00a0\u00a0\u00a0\u00a0\u00a0\u00a0\u00a0\u00a0 h I na t\u0142um zgromadzony patrzyli bez oczu, \u00a0\u00a0\u00a0\u00a0 e\u00a0\u00a0\u00a0\u00a0\u00a0\u00a0\u00a0\u00a0\u00a0\u00a0\u00a0\u00a0\u00a0\u00a0\u00a0\u00a0\u00a0\u00a0\u00a0\u00a0\u00a0\u00a0\u00a0\u00a0\u00a0\u00a0\u00a0\u00a0 a7\u00a0\u00a0\u00a0\u00a0\u00a0\u00a0\u00a0\u00a0\u00a0\u00a0\u00a0\u00a0\u00a0\u00a0\u00a0\u00a0\u00a0\u00a0 e\u00a0\u00a0\u00a0\u00a0\u00a0\u00a0\u00a0\u00a0\u00a0\u00a0\u00a0\u00a0\u00a0\u00a0\u00a0\u00a0 h Jak \u015blepiec, kt\u00f3ry zmierzchu wypatruje\u2026","rel":"","context":"In &quot;Teksty&quot;","img":{"alt_text":"","src":"","width":0,"height":0},"classes":[]},{"id":2899,"url":"http:\/\/bezjacka.art.pl\/strona\/rycerz\/","url_meta":{"origin":2902,"position":2},"title":"Rycerz","date":"7 sierpnia 2005","format":false,"excerpt":"s\u0142. Z. Stefa\u0144ski, muz. Z. Stefa\u0144ski, J.H. Chrz\u0105stek [Audio:rycerz.mp3] Pop\u0119kana na nim zbroja\u00a0\u00a0e a i zadano wiele ran, \u00a0\u00a0C h ledwie miecza p\u00f3\u0142 w mdlej\u0105cej \u00a0\u00a0G D trzyma d\u0142oni.. \u00a0\u00a0h Kurz kolory skry\u0142, a z proporca tylko strz\u0119p \u00a0\u00a0C h e C swym \u0142opotem krzyczy, \u017ce nie z\u0142o\u017cy obroni. \u00a0\u00a0e\u2026","rel":"","context":"In &quot;Teksty&quot;","img":{"alt_text":"","src":"","width":0,"height":0},"classes":[]},{"id":1491,"url":"http:\/\/bezjacka.art.pl\/strona\/20-01-2010\/","url_meta":{"origin":2902,"position":3},"title":"20.01.2010","date":"20 stycznia 2010","format":false,"excerpt":"Gda\u0144sk, 20 stycznia 2010 Witam serdecznie w ten \u015awi\u0105teczno-Noworoczny czas (zacz\u0105\u0142em pisa\u0107 mi\u0119dzy \u015awi\u0119tami a Nowym Rokiem). Poniewa\u017c dostajemy wiele list\u00f3w z pytaniami \"co aktualnie w zespole..?\", a nie udaje nam si\u0119 pisa\u0107 wiele w aktualno\u015bciach, spr\u00f3bujemy napisa\u0107 o ca\u0142ym roku 2009. Poprosi\u0142em ka\u017cdego z cz\u0142onk\u00f3w naszego zespo\u0142u o napisanie\u2026","rel":"","context":"In &quot;O nas&quot;","img":{"alt_text":"","src":"","width":0,"height":0},"classes":[]},{"id":2854,"url":"http:\/\/bezjacka.art.pl\/strona\/blues\/","url_meta":{"origin":2902,"position":4},"title":"Blues","date":"6 sierpnia 2004","format":false,"excerpt":"s\u0142. B. Le\u015bmian, muz. Z. Stefa\u0144ski, J.H. Chrz\u0105stek [Audio:blues.mp3] g c g d c g d c g Wszyscy zmarli powoli g \u015amierci\u0105 bardzo w\u0142asn\u0105. g Pami\u0119\u0107 ojca i matki, i siostry, i brata. g Dzi\u015b rysy waszych twarzy w pami\u0119ci mi gasn\u0105, c Umieracie raz jeszcze \u015bmierci\u0105 spoza \u015bwiata.\u2026","rel":"","context":"In &quot;Teksty&quot;","img":{"alt_text":"","src":"","width":0,"height":0},"classes":[]},{"id":1451,"url":"http:\/\/bezjacka.art.pl\/strona\/photograb\/","url_meta":{"origin":2902,"position":5},"title":"Legendarna grupa Bez Jacka w Beskidach &#8211; Krzysztof &#8220;Photograb&#8221; Grabowski","date":"20 wrze\u015bnia 2011","format":false,"excerpt":"O tym, \u017ce stara mi\u0142o\u015b\u0107 nie rdzewieje. O tym, \u017ce dobra muzyka utalentowanych artyst\u00f3w jest wieczna, a przynajmniej jest w stanie przetrwa\u0107 tyle, co przeci\u0119tne Volvo (jak mawia\u0142 Leonard Cohen o swoich piosenkach) Musz\u0119 na wst\u0119pie ostrzec, \u017ce to sm\u0119tny i sentymentalny wpis.. Ot\u00f3\u017c, 10. edycja spotka\u0144 muzycznych w Bac\u00f3wce\u2026","rel":"","context":"In &quot;Archiwum&quot;","img":{"alt_text":"","src":"","width":0,"height":0},"classes":[]}],"jetpack_sharing_enabled":true,"_links":{"self":[{"href":"http:\/\/bezjacka.art.pl\/strona\/wp-json\/wp\/v2\/posts\/2902"}],"collection":[{"href":"http:\/\/bezjacka.art.pl\/strona\/wp-json\/wp\/v2\/posts"}],"about":[{"href":"http:\/\/bezjacka.art.pl\/strona\/wp-json\/wp\/v2\/types\/post"}],"author":[{"embeddable":true,"href":"http:\/\/bezjacka.art.pl\/strona\/wp-json\/wp\/v2\/users\/1"}],"replies":[{"embeddable":true,"href":"http:\/\/bezjacka.art.pl\/strona\/wp-json\/wp\/v2\/comments?post=2902"}],"version-history":[{"count":3,"href":"http:\/\/bezjacka.art.pl\/strona\/wp-json\/wp\/v2\/posts\/2902\/revisions"}],"predecessor-version":[{"id":3127,"href":"http:\/\/bezjacka.art.pl\/strona\/wp-json\/wp\/v2\/posts\/2902\/revisions\/3127"}],"wp:attachment":[{"href":"http:\/\/bezjacka.art.pl\/strona\/wp-json\/wp\/v2\/media?parent=2902"}],"wp:term":[{"taxonomy":"category","embeddable":true,"href":"http:\/\/bezjacka.art.pl\/strona\/wp-json\/wp\/v2\/categories?post=2902"},{"taxonomy":"post_tag","embeddable":true,"href":"http:\/\/bezjacka.art.pl\/strona\/wp-json\/wp\/v2\/tags?post=2902"}],"curies":[{"name":"wp","href":"https:\/\/api.w.org\/{rel}","templated":true}]}}