{"id":2918,"date":"2005-08-07T01:08:24","date_gmt":"2005-08-06T23:08:24","guid":{"rendered":"http:\/\/bezjacka.art.pl\/strona\/?p=2918"},"modified":"2013-08-08T01:23:26","modified_gmt":"2013-08-07T23:23:26","slug":"w-malinowym-chrusniaku","status":"publish","type":"post","link":"http:\/\/bezjacka.art.pl\/strona\/w-malinowym-chrusniaku\/","title":{"rendered":"W malinowym chru\u015bniaku"},"content":{"rendered":"<h5>s\u0142. B. Le\u015bmian, muz. Z. Stefa\u0144ski<\/h5>\n<p><a href=\"http:\/\/bezjacka.art.pl\/strona\/wp-content\/uploads\/2005\/08\/bj-0021.jpg\"><img data-attachment-id=\"3140\" data-permalink=\"http:\/\/bezjacka.art.pl\/strona\/w-malinowym-chrusniaku\/bj-0021\/\" data-orig-file=\"http:\/\/bezjacka.art.pl\/strona\/wp-content\/uploads\/2005\/08\/bj-0021.jpg\" data-orig-size=\"400,266\" data-comments-opened=\"1\" data-image-meta=\"{&quot;aperture&quot;:&quot;0&quot;,&quot;credit&quot;:&quot;&quot;,&quot;camera&quot;:&quot;&quot;,&quot;caption&quot;:&quot;&quot;,&quot;created_timestamp&quot;:&quot;0&quot;,&quot;copyright&quot;:&quot;&quot;,&quot;focal_length&quot;:&quot;0&quot;,&quot;iso&quot;:&quot;0&quot;,&quot;shutter_speed&quot;:&quot;0&quot;,&quot;title&quot;:&quot;&quot;}\" data-image-title=\"bj-0021\" data-image-description=\"\" data-image-caption=\"\" data-medium-file=\"http:\/\/bezjacka.art.pl\/strona\/wp-content\/uploads\/2005\/08\/bj-0021-250x166.jpg\" data-large-file=\"http:\/\/bezjacka.art.pl\/strona\/wp-content\/uploads\/2005\/08\/bj-0021.jpg\" loading=\"lazy\" width=\"400\" height=\"266\" src=\"http:\/\/bezjacka.art.pl\/strona\/wp-content\/uploads\/2005\/08\/bj-0021.jpg\" alt=\"bj-0021\" class=\"aligncenter size-full wp-image-3140\" srcset=\"http:\/\/bezjacka.art.pl\/strona\/wp-content\/uploads\/2005\/08\/bj-0021.jpg 400w, http:\/\/bezjacka.art.pl\/strona\/wp-content\/uploads\/2005\/08\/bj-0021-250x166.jpg 250w, http:\/\/bezjacka.art.pl\/strona\/wp-content\/uploads\/2005\/08\/bj-0021-125x83.jpg 125w, http:\/\/bezjacka.art.pl\/strona\/wp-content\/uploads\/2005\/08\/bj-0021-220x146.jpg 220w\" sizes=\"(max-width: 400px) 100vw, 400px\" \/><\/a><br \/>\n[Audio:malinowy.mp3]\n<div>\n<b>e C G h e C G h C G a G C h C h<\/b><\/p>\n<p>W malinowym chru\u015bniaku, przed ciekawych wzrokiem \u00a0\u00a0<b>e C G h<\/b><br \/>\nZapodziani po g\u0142owy po d\u0142ugie godziny\u00a0\u00a0<b>e C G h<\/b><br \/>\nZrywali\u015bmy przyby\u0142e tej nocy maliny\u00a0\u00a0<b>C G a G<\/b><br \/>\nPalce mia\u0142a\u015b na o\u015blep skrwawione ich sokiem\u00a0\u00a0<b>C h C h<\/b><\/p>\n<p>B\u0105k z\u0142o\u015bnik hucza\u0142 basem, jakby straszy\u0142 kwiaty<br \/>\nRdzawe guzy na s\u0142o\u0144cu wygrzewa\u0142 li\u015b\u0107 chory<br \/>\nZ\u0142achmania\u0142ych paj\u0119czyn skrzy\u0142y si\u0119 wisiory<br \/>\nI szed\u0142 ty\u0142em na grzbiecie jaki\u015b \u017cuk kosmaty<\/p>\n<p>Duszno by\u0142o od malin, kt\u00f3re\u015b szepcz\u0105c rwa\u0142a<br \/>\nA szept nasz tylko w\u00f3wczas nacicha\u0142 ich woni<br \/>\nGdym wargami wygarnia\u0142 z podanej mi d\u0142oni<br \/>\nOwoce, przepojone woni\u0105 twego cia\u0142a<\/p>\n<p>I sta\u0142y si\u0119 maliny narz\u0119dziem pieszczoty \u00a0\u00a0<b>e C D e<\/b><br \/>\nTej pierwszej, tej zdziwionej, kt\u00f3ra w ca\u0142ym niebie \u00a0\u00a0<b>C D e<\/b><br \/>\nNie zna innych upoje\u0144, opr\u00f3cz samej siebie \u00a0\u00a0<b>C D C D<\/b><br \/>\nI chce si\u0119 wci\u0105\u017c powtarza\u0107 dla w\u0142asnej dziwoty \u00a0\u00a0<b>e C e<\/b><\/p>\n<p><b>e C G h e C G h C G a G C h C h<\/b><\/p>\n<p>I nie wiem jak si\u0119 sta\u0142o, w kt\u00f3rym oka mgnieniu<br \/>\n\u017be\u015b dotkn\u0119\u0142a mi warg\u0105 spoconego czo\u0142a<br \/>\nPorwa\u0142\u0119m twoje d\u0142onie &#8211; odda\u0142em w skupieniu<br \/>\nA chru\u015bniak malinowy trwa\u0142 wci\u0105\u017c dooko\u0142a<\/p><\/div>\n","protected":false},"excerpt":{"rendered":"<div class=\"entry-summary\">\ns\u0142. B. Le\u015bmian, muz. Z. Stefa\u0144ski  e C G h e&hellip;\n<\/div>\n<div class=\"link-more\"><a href=\"http:\/\/bezjacka.art.pl\/strona\/w-malinowym-chrusniaku\/\" class=\"more-link\">Czytaj dalej<span class=\"screen-reader-text\"> &ldquo;W malinowym chru\u015bniaku&rdquo;<\/span>&hellip;<\/a><\/div>\n","protected":false},"author":1,"featured_media":0,"comment_status":"open","ping_status":"open","sticky":false,"template":"","format":"standard","meta":{"spay_email":""},"categories":[67],"tags":[],"jetpack_featured_media_url":"","jetpack_shortlink":"https:\/\/wp.me\/p4OIY8-L4","jetpack-related-posts":[{"id":2899,"url":"http:\/\/bezjacka.art.pl\/strona\/rycerz\/","url_meta":{"origin":2918,"position":0},"title":"Rycerz","date":"7 sierpnia 2005","format":false,"excerpt":"s\u0142. Z. Stefa\u0144ski, muz. Z. Stefa\u0144ski, J.H. Chrz\u0105stek [Audio:rycerz.mp3] Pop\u0119kana na nim zbroja\u00a0\u00a0e a i zadano wiele ran, \u00a0\u00a0C h ledwie miecza p\u00f3\u0142 w mdlej\u0105cej \u00a0\u00a0G D trzyma d\u0142oni.. \u00a0\u00a0h Kurz kolory skry\u0142, a z proporca tylko strz\u0119p \u00a0\u00a0C h e C swym \u0142opotem krzyczy, \u017ce nie z\u0142o\u017cy obroni. \u00a0\u00a0e\u2026","rel":"","context":"In &quot;Teksty&quot;","img":{"alt_text":"","src":"","width":0,"height":0},"classes":[]},{"id":3778,"url":"http:\/\/bezjacka.art.pl\/strona\/dwaj-skazancy\/","url_meta":{"origin":2918,"position":1},"title":"Dwaj skaza\u0144cy","date":"13 sierpnia 2015","format":false,"excerpt":"s\u0142 B. Le\u015bmian, muz. Z. Stefa\u0144ski e\u00a0\u00a0\u00a0\u00a0\u00a0\u00a0\u00a0\u00a0\u00a0\u00a0\u00a0\u00a0\u00a0\u00a0\u00a0\u00a0\u00a0\u00a0\u00a0\u00a0\u00a0\u00a0\u00a0\u00a0\u00a0\u00a0\u00a0\u00a0\u00a0\u00a0\u00a0\u00a0\u00a0\u00a0\u00a0\u00a0\u00a0\u00a0 D\u00a0\u00a0\u00a0\u00a0\u00a0\u00a0\u00a0\u00a0\u00a0\u00a0\u00a0\u00a0\u00a0\u00a0\u00a0\u00a0\u00a0\u00a0\u00a0\u00a0\u00a0\u00a0\u00a0\u00a0\u00a0\u00a0\u00a0\u00a0 C\u00a0\u00a0\u00a0\u00a0\u00a0\u00a0\u00a0\u00a0\u00a0\u00a0\u00a0\u00a0 a\u00a0\u00a0 G Widzia\u0142em dw\u00f3ch skaza\u0144c\u00f3w , co na swym uboczu, C \u00a0\u00a0\u00a0\u00a0\u00a0\u00a0\u00a0\u00a0\u00a0\u00a0\u00a0\u00a0\u00a0\u00a0\u00a0\u00a0\u00a0\u00a0\u00a0\u00a0\u00a0\u00a0\u00a0\u00a0\u00a0G\u00a0\u00a0\u00a0\u00a0\u00a0\u00a0\u00a0\u00a0\u00a0\u00a0\u00a0\u00a0\u00a0\u00a0\u00a0\u00a0\u00a0\u00a0 a\u00a0\u00a0\u00a0\u00a0\u00a0\u00a0\u00a0\u00a0\u00a0\u00a0\u00a0\u00a0 h Wys\u0142uchali wyroku pod bagnet\u00f3w stra\u017c\u0105 \u00a0\u00a0\u00a0\u00a0\u00a0\u00a0\u00a0\u00a0 C\u00a0\u00a0\u00a0\u00a0\u00a0\u00a0 D\u00a0\u00a0\u00a0\u00a0\u00a0\u00a0\u00a0\u00a0\u00a0\u00a0\u00a0\u00a0\u00a0\u00a0\u00a0\u00a0\u00a0\u00a0\u00a0\u00a0\u00a0\u00a0\u00a0\u00a0 e\u00a0\u00a0\u00a0\u00a0\u00a0\u00a0\u00a0\u00a0\u00a0\u00a0\u00a0\u00a0\u00a0\u00a0\u00a0\u00a0\u00a0\u00a0\u00a0\u00a0 h I na t\u0142um zgromadzony patrzyli bez oczu, \u00a0\u00a0\u00a0\u00a0 e\u00a0\u00a0\u00a0\u00a0\u00a0\u00a0\u00a0\u00a0\u00a0\u00a0\u00a0\u00a0\u00a0\u00a0\u00a0\u00a0\u00a0\u00a0\u00a0\u00a0\u00a0\u00a0\u00a0\u00a0\u00a0\u00a0\u00a0\u00a0 a7\u00a0\u00a0\u00a0\u00a0\u00a0\u00a0\u00a0\u00a0\u00a0\u00a0\u00a0\u00a0\u00a0\u00a0\u00a0\u00a0\u00a0\u00a0 e\u00a0\u00a0\u00a0\u00a0\u00a0\u00a0\u00a0\u00a0\u00a0\u00a0\u00a0\u00a0\u00a0\u00a0\u00a0\u00a0 h Jak \u015blepiec, kt\u00f3ry zmierzchu wypatruje\u2026","rel":"","context":"In &quot;Teksty&quot;","img":{"alt_text":"","src":"","width":0,"height":0},"classes":[]},{"id":2908,"url":"http:\/\/bezjacka.art.pl\/strona\/snisz-mi-sie-obco\/","url_meta":{"origin":2918,"position":2},"title":"\u015anisz mi si\u0119 obco","date":"7 sierpnia 2005","format":false,"excerpt":"s\u0142. B. Le\u015bmian, muz. Z. Stefa\u0144ski [Audio:sniszmisie.mp3] \u015anisz mi si\u0119 obco. Dal bez t\u0142a \u00a0\u00a0e a Wieczno\u015b\u0107 si\u0119 w chmurach b\u0142yska \u00a0\u00a0G C Lecimy razem. Mg\u0142a i mg\u0142a \u00a0\u00a0e h B\u00f3g, ciemno\u015b\u0107 i urwiska \u00a0\u00a0a7 G Do mg\u0142y i mroku naglisz mnie \u00a0\u00a0C G I szepczesz, zgrzana lotem \u00a0\u00a0h e\u2026","rel":"","context":"In &quot;Teksty&quot;","img":{"alt_text":"","src":"","width":0,"height":0},"classes":[]},{"id":2905,"url":"http:\/\/bezjacka.art.pl\/strona\/sni-sie-lasom-las\/","url_meta":{"origin":2918,"position":3},"title":"\u015ani si\u0119 lasom las","date":"7 sierpnia 2005","format":false,"excerpt":"s\u0142. B. Le\u015bmian, muz. Z. Stefa\u0144ski, J.H. Chrz\u0105stek [Audio:snisie.mp3] \u015ani si\u0119 lasom las,\u00a0\u00a0F C \u015ani\u0105 si\u0119 deszcze.\u00a0\u00a0G d Jawi\u0105 si\u0119 raz w raz, \u00a0\u00a0F C Znik\u0142e Maje.\u00a0\u00a0G d I mijaj\u0105 zn\u00f3w i raz jeszcze. \u00a0\u00a0F C G I mijaj\u0105 zn\u00f3w i raz jeszcze,\u00a0\u00a0F C G a ja w\u0142asnych sn\u00f3w nie\u2026","rel":"","context":"In &quot;Teksty&quot;","img":{"alt_text":"","src":"","width":0,"height":0},"classes":[]},{"id":2896,"url":"http:\/\/bezjacka.art.pl\/strona\/reka\/","url_meta":{"origin":2918,"position":4},"title":"R\u0119ka","date":"7 sierpnia 2005","format":false,"excerpt":"s\u0142. B. Le\u015bmian, muz. Z. Stefa\u0144ski, J.H. Chrz\u0105stek [Audio:reka.mp3] a C G D a C G a Podczas gdy cia\u0142o w m\u0119kach \u017cebraczego postu,\u00a0\u00a0C G Kurczy\u0142o si\u0119 jak och\u0142ap wysch\u0142ego moczaru.\u00a0\u00a0e a R\u0119ka ma w samowolnym ob\u0142\u0119dzie rozrostu \u00a0\u00a0C G Wszerz i wzwy\u017c potwornia\u0142a od \u017c\u0105dzy bezmiaru. \u00a0\u00a0E Wypaczona od\u2026","rel":"","context":"In &quot;Teksty&quot;","img":{"alt_text":"","src":"","width":0,"height":0},"classes":[]},{"id":2902,"url":"http:\/\/bezjacka.art.pl\/strona\/saskia\/","url_meta":{"origin":2918,"position":5},"title":"Saskia","date":"7 sierpnia 2005","format":false,"excerpt":"s\u0142. K.I. Ga\u0142czy\u0144ski muz. J.H .Chrz\u0105stek, Z .Stefa\u0144ski. [Audio:saskia.mp3] e a e a C G D e a e a C G D Ojczyzn\u0105 moj\u0105 jest muzyka,\u00a0\u00a0e a a Ty jeste\u015b jak nuta rzewna z kt\u00f3r\u0105 na ustach,\u00a0\u00a0e a C po latach wraca si\u0119 w muzyk\u0119 jak do domu \u00a0\u00a0D\u2026","rel":"","context":"In &quot;Teksty&quot;","img":{"alt_text":"","src":"","width":0,"height":0},"classes":[]}],"jetpack_sharing_enabled":true,"_links":{"self":[{"href":"http:\/\/bezjacka.art.pl\/strona\/wp-json\/wp\/v2\/posts\/2918"}],"collection":[{"href":"http:\/\/bezjacka.art.pl\/strona\/wp-json\/wp\/v2\/posts"}],"about":[{"href":"http:\/\/bezjacka.art.pl\/strona\/wp-json\/wp\/v2\/types\/post"}],"author":[{"embeddable":true,"href":"http:\/\/bezjacka.art.pl\/strona\/wp-json\/wp\/v2\/users\/1"}],"replies":[{"embeddable":true,"href":"http:\/\/bezjacka.art.pl\/strona\/wp-json\/wp\/v2\/comments?post=2918"}],"version-history":[{"count":4,"href":"http:\/\/bezjacka.art.pl\/strona\/wp-json\/wp\/v2\/posts\/2918\/revisions"}],"predecessor-version":[{"id":3141,"href":"http:\/\/bezjacka.art.pl\/strona\/wp-json\/wp\/v2\/posts\/2918\/revisions\/3141"}],"wp:attachment":[{"href":"http:\/\/bezjacka.art.pl\/strona\/wp-json\/wp\/v2\/media?parent=2918"}],"wp:term":[{"taxonomy":"category","embeddable":true,"href":"http:\/\/bezjacka.art.pl\/strona\/wp-json\/wp\/v2\/categories?post=2918"},{"taxonomy":"post_tag","embeddable":true,"href":"http:\/\/bezjacka.art.pl\/strona\/wp-json\/wp\/v2\/tags?post=2918"}],"curies":[{"name":"wp","href":"https:\/\/api.w.org\/{rel}","templated":true}]}}