{"id":3317,"date":"2013-10-05T22:24:38","date_gmt":"2013-10-05T20:24:38","guid":{"rendered":"http:\/\/bezjacka.art.pl\/strona\/?p=3317"},"modified":"2017-09-14T22:54:01","modified_gmt":"2017-09-14T20:54:01","slug":"polanka-2","status":"publish","type":"post","link":"http:\/\/bezjacka.art.pl\/strona\/polanka-2\/","title":{"rendered":"Polanka"},"content":{"rendered":"<h4>XXII Festiawalu Piosenki i Piosenkarzy Studenckich w Krakowie w 1984<\/h4>\n<p><iframe loading=\"lazy\" width=\"550\" height=\"413\" src=\"\/\/www.youtube.com\/embed\/o0esskd6MUM\" frameborder=\"0\" allowfullscreen><\/iframe><\/p>\n<p>Bez Jacka w historycznym sk\u0142adzie, kt\u00f3ry nagra\u0142 pierwsz\u0105 p\u0142yt\u0119 &#8220;<a href=\"http:\/\/bezjacka.art.pl\/strona\/bez-jacka-czas-zmartwychwstania\/\">Czas zmartwychwstania<\/a>&#8221; Przypominamy sk\u0142ad:<\/p>\n<p>Zbigniew Maria Stefa\u0144ski &#8211; \u015bpiew, gitara akustyczna<br \/>\nJan Stefa\u0144ski &#8211; gitara solowa, \u015bpiew<br \/>\nJaros\u0142aw Horacy Chrz\u0105stek &#8211; flet, \u015bpiew<br \/>\nStefan B\u0142aszczy\u0144ski &#8211; flet, \u015bpiew<br \/>\nKrzysztof &#8220;Lumbago&#8221; G\u00f3rski &#8211; gitara klasyczna, \u015bpiew<br \/>\nWojciech Czemplik &#8211; skrzypce<\/p>\n<p>Film udost\u0119pniony dzi\u0119ki uprzejmo\u015bci Marka Kiszakiewicza<\/p>\n","protected":false},"excerpt":{"rendered":"<div class=\"entry-summary\">\nXXII Festiawalu Piosenki i Piosenkarzy Studenckich w Krakowie w 1984 Bez Jacka&hellip;\n<\/div>\n<div class=\"link-more\"><a href=\"http:\/\/bezjacka.art.pl\/strona\/polanka-2\/\" class=\"more-link\">Czytaj dalej<span class=\"screen-reader-text\"> &ldquo;Polanka&rdquo;<\/span>&hellip;<\/a><\/div>\n","protected":false},"author":1,"featured_media":0,"comment_status":"open","ping_status":"open","sticky":false,"template":"","format":"video","meta":{"spay_email":""},"categories":[71,75],"tags":[76],"jetpack_featured_media_url":"","jetpack_shortlink":"https:\/\/wp.me\/p4OIY8-Rv","jetpack-related-posts":[{"id":1474,"url":"http:\/\/bezjacka.art.pl\/strona\/wiosna2007\/","url_meta":{"origin":3317,"position":0},"title":"Co u nas nowego&#8230; (wiosna 2007)","date":"3 marca 2007","format":false,"excerpt":"Od ostatniego wpisu w tej cz\u0119\u015bci naszej strony min\u0119\u0142o troch\u0119 czasu, wi\u0119c troch\u0119 si\u0119 te\u017c i u nas zmieni\u0142o. Poniewa\u017c zmian u nas jest bardzo du\u017co i ci\u0105gle one trwaj\u0105, b\u0119dziemy uzupe\u0142niali te informacje przez jaki\u015b czas. \/Trudno mi tak od razu o wszystkim wyczerpuj\u0105co napisa\u0107\/ I. Mniej wi\u0119cej od\u2026","rel":"","context":"In &quot;O nas&quot;","img":{"alt_text":"","src":"","width":0,"height":0},"classes":[]},{"id":1478,"url":"http:\/\/bezjacka.art.pl\/strona\/23-07-2007\/","url_meta":{"origin":3317,"position":1},"title":"23.07.2007","date":"23 lipca 2007","format":false,"excerpt":"Gda\u0144sk, 23 lipca 2007 Chcieli\u015bmy bardzo serdecznie podzi\u0119kowa\u0107 Olkowi Grotowskiemu za prawie siedmioletni\u0105 wsp\u00f3\u0142prac\u0119 z nami. 10 maja 2007r postanowili\u015bmy si\u0119 rozsta\u0107. Prze\u017cyli\u015bmy wsp\u00f3lnie tak wiele pi\u0119knych koncert\u00f3w, gra\u0144, podr\u00f3\u017cy i godziny rozm\u00f3w o muzyce i \u017cyciu, \u017ce nikt nie jest nam w stanie tego odebra\u0107. Mamy nadziej\u0119, \u017ce nasze\u2026","rel":"","context":"In &quot;O nas&quot;","img":{"alt_text":"","src":"","width":0,"height":0},"classes":[]},{"id":1351,"url":"http:\/\/bezjacka.art.pl\/strona\/o-moim-duzym-przyjacielu\/","url_meta":{"origin":3317,"position":2},"title":"O Moim Du\u017cym Przyjacielu&#8230;","date":"2 sierpnia 2013","format":false,"excerpt":"Do dzisiaj mam przed oczami jego charakterystyczn\u0105 sylwetk\u0119 w ogromnej pelerynie, ze sk\u00f3rzan\u0105 torb\u0105 lekarsk\u0105, w kt\u00f3rej trzyma\u0142 flety. Albo zim\u0105, w \u015bmiesznej kolorowej d\u0142uuuuugiej czapce z pomponem... Umia\u0142 cudownie s\u0142ucha\u0107 o mojej niespe\u0142nionej mi\u0142o\u015bci ... Napisa\u0142 list do B. ... M\u00f3wi\u0142: \"Nie martw si\u0119\", wyci\u0105ga\u0142 flet i gra\u0142 mi\u2026","rel":"","context":"In &quot;Jacek&quot;","img":{"alt_text":"","src":"","width":0,"height":0},"classes":[]},{"id":1001,"url":"http:\/\/bezjacka.art.pl\/strona\/historiabj\/","url_meta":{"origin":3317,"position":3},"title":"Jak powsta\u0142 zesp\u00f3\u0142 &#8220;Bez Jacka&#8221;","date":"30 grudnia 2004","format":false,"excerpt":"Prapocz\u0105tek By\u0142o to bardzo dawno temu. Gdzie\u015b w G\u00f3rach \u015awi\u0119tokrzyskich mieszka\u0142a rodzina Stefa\u0144skich: mama Krystyna, trzech braci Zbyszek, Jasiu, Jacek i ma\u0142a siostrzyczka Kasia. Pewnego razu ma\u0142y Zbyszek dosta\u0142 w prezencie od mamy gitar\u0119. Ale poniewa\u017c samemu smutno jest gra\u0107, brat jego Jasiu do\u0142\u0105czy\u0142 na tamburynie. Chwalili si\u0119 potem, \u017ce\u2026","rel":"","context":"In &quot;Historia&quot;","img":{"alt_text":"","src":"","width":0,"height":0},"classes":[]},{"id":2902,"url":"http:\/\/bezjacka.art.pl\/strona\/saskia\/","url_meta":{"origin":3317,"position":4},"title":"Saskia","date":"7 sierpnia 2005","format":false,"excerpt":"s\u0142. K.I. Ga\u0142czy\u0144ski muz. J.H .Chrz\u0105stek, Z .Stefa\u0144ski. [Audio:saskia.mp3] e a e a C G D e a e a C G D Ojczyzn\u0105 moj\u0105 jest muzyka,\u00a0\u00a0e a a Ty jeste\u015b jak nuta rzewna z kt\u00f3r\u0105 na ustach,\u00a0\u00a0e a C po latach wraca si\u0119 w muzyk\u0119 jak do domu \u00a0\u00a0D\u2026","rel":"","context":"In &quot;Teksty&quot;","img":{"alt_text":"","src":"","width":0,"height":0},"classes":[]},{"id":1809,"url":"http:\/\/bezjacka.art.pl\/strona\/20-09-2011-rycerzowa\/","url_meta":{"origin":3317,"position":5},"title":"20.09.2011 &#8211; Rycerzowa","date":"23 wrze\u015bnia 2011","format":false,"excerpt":"10. edycja spotka\u0144 muzycznych w Bac\u00f3wce pod Wielk\u0105 Rycerzow\u0105 na kra\u0144cach Beskidu \u017bywieckiego, pt. \u201cGitar\u0105 i Grulem\u201d","rel":"","context":"In &quot;Galeria&quot;","img":{"alt_text":"","src":"https:\/\/i2.wp.com\/bezjacka.art.pl\/strona\/wp-content\/uploads\/2013\/08\/kgrabowski_bez_jacka_rycerzowa_10-125x125.jpg?resize=350%2C200","width":350,"height":200},"classes":[]}],"jetpack_sharing_enabled":true,"_links":{"self":[{"href":"http:\/\/bezjacka.art.pl\/strona\/wp-json\/wp\/v2\/posts\/3317"}],"collection":[{"href":"http:\/\/bezjacka.art.pl\/strona\/wp-json\/wp\/v2\/posts"}],"about":[{"href":"http:\/\/bezjacka.art.pl\/strona\/wp-json\/wp\/v2\/types\/post"}],"author":[{"embeddable":true,"href":"http:\/\/bezjacka.art.pl\/strona\/wp-json\/wp\/v2\/users\/1"}],"replies":[{"embeddable":true,"href":"http:\/\/bezjacka.art.pl\/strona\/wp-json\/wp\/v2\/comments?post=3317"}],"version-history":[{"count":5,"href":"http:\/\/bezjacka.art.pl\/strona\/wp-json\/wp\/v2\/posts\/3317\/revisions"}],"predecessor-version":[{"id":3446,"href":"http:\/\/bezjacka.art.pl\/strona\/wp-json\/wp\/v2\/posts\/3317\/revisions\/3446"}],"wp:attachment":[{"href":"http:\/\/bezjacka.art.pl\/strona\/wp-json\/wp\/v2\/media?parent=3317"}],"wp:term":[{"taxonomy":"category","embeddable":true,"href":"http:\/\/bezjacka.art.pl\/strona\/wp-json\/wp\/v2\/categories?post=3317"},{"taxonomy":"post_tag","embeddable":true,"href":"http:\/\/bezjacka.art.pl\/strona\/wp-json\/wp\/v2\/tags?post=3317"}],"curies":[{"name":"wp","href":"https:\/\/api.w.org\/{rel}","templated":true}]}}