{"id":3359,"date":"2013-10-01T20:39:01","date_gmt":"2013-10-01T18:39:01","guid":{"rendered":"http:\/\/bezjacka.art.pl\/strona\/?p=3359"},"modified":"2013-12-08T20:41:07","modified_gmt":"2013-12-08T19:41:07","slug":"pazdziernik-2013-koncerty","status":"publish","type":"post","link":"http:\/\/bezjacka.art.pl\/strona\/pazdziernik-2013-koncerty\/","title":{"rendered":"Pa\u017adziernik 2013 &#8211; koncerty"},"content":{"rendered":"<h4>26.10.2013<\/h4>\n<p><strong>\u0141\u00f3d\u017a<\/strong> \u2013 Ober\u017ca folkowa \u201eZapiecek\u201d \u2013 ul. Piotrkowska 43, godz.21.00, <a href=\"http:\/\/www.zapiecek-lodz.pl\/\">strona organizatora<\/a><\/p>\n","protected":false},"excerpt":{"rendered":"<div class=\"entry-summary\">\n26.10.2013 \u0141\u00f3d\u017a \u2013 Ober\u017ca folkowa \u201eZapiecek\u201d \u2013 ul. Piotrkowska 43, godz.21.00, strona&hellip;\n<\/div>\n<div class=\"link-more\"><a href=\"http:\/\/bezjacka.art.pl\/strona\/pazdziernik-2013-koncerty\/\" class=\"more-link\">Czytaj dalej<span class=\"screen-reader-text\"> &ldquo;Pa\u017adziernik 2013 &#8211; koncerty&rdquo;<\/span>&hellip;<\/a><\/div>\n","protected":false},"author":1,"featured_media":0,"comment_status":"open","ping_status":"open","sticky":false,"template":"","format":"standard","meta":{"spay_email":""},"categories":[89],"tags":[],"jetpack_featured_media_url":"","jetpack_shortlink":"https:\/\/wp.me\/p4OIY8-Sb","jetpack-related-posts":[],"jetpack_sharing_enabled":true,"_links":{"self":[{"href":"http:\/\/bezjacka.art.pl\/strona\/wp-json\/wp\/v2\/posts\/3359"}],"collection":[{"href":"http:\/\/bezjacka.art.pl\/strona\/wp-json\/wp\/v2\/posts"}],"about":[{"href":"http:\/\/bezjacka.art.pl\/strona\/wp-json\/wp\/v2\/types\/post"}],"author":[{"embeddable":true,"href":"http:\/\/bezjacka.art.pl\/strona\/wp-json\/wp\/v2\/users\/1"}],"replies":[{"embeddable":true,"href":"http:\/\/bezjacka.art.pl\/strona\/wp-json\/wp\/v2\/comments?post=3359"}],"version-history":[{"count":2,"href":"http:\/\/bezjacka.art.pl\/strona\/wp-json\/wp\/v2\/posts\/3359\/revisions"}],"predecessor-version":[{"id":3361,"href":"http:\/\/bezjacka.art.pl\/strona\/wp-json\/wp\/v2\/posts\/3359\/revisions\/3361"}],"wp:attachment":[{"href":"http:\/\/bezjacka.art.pl\/strona\/wp-json\/wp\/v2\/media?parent=3359"}],"wp:term":[{"taxonomy":"category","embeddable":true,"href":"http:\/\/bezjacka.art.pl\/strona\/wp-json\/wp\/v2\/categories?post=3359"},{"taxonomy":"post_tag","embeddable":true,"href":"http:\/\/bezjacka.art.pl\/strona\/wp-json\/wp\/v2\/tags?post=3359"}],"curies":[{"name":"wp","href":"https:\/\/api.w.org\/{rel}","templated":true}]}}